{"id":11500,"date":"2020-07-15T08:23:54","date_gmt":"2020-07-15T09:23:54","guid":{"rendered":"http:\/\/freguesiadeurzelina.pt\/?p=11500"},"modified":"2022-02-03T11:41:10","modified_gmt":"2022-02-03T12:41:10","slug":"medidas-preventivas-covid-19-2","status":"publish","type":"post","link":"https:\/\/freguesiadeurzelina.pt\/?p=11500","title":{"rendered":"Medidas preventivas COVID-19"},"content":{"rendered":"\n<p>\n\nTendo em conta a situa\u00e7\u00e3o atual que atravessamos e os cuidados que todos temos de ter no \u00e2mbito da preven\u00e7\u00e3o e conten\u00e7\u00e3o do v\u00edrus COVID-19, para al\u00e9m das indefini\u00e7\u00f5es que ainda existem sobre a evolu\u00e7\u00e3o desta pandemia no curto-m\u00e9dio prazo e dos constrangimentos originados por esta situa\u00e7\u00e3o. Aliado a tudo isto a prioridade m\u00e1xima que damos \u00e0 sa\u00fade p\u00fablica e \u00e0 prote\u00e7\u00e3o de todos os que utilizam o Parque de Campismo da Urzelina, o Executivo da Freguesia de Urzelina deliberou que o acesso ao parque de campismo ficar\u00e1 suspenso durante esta \u00e9poca. Agradecemos a vossa compreens\u00e3o.\n\n<\/p>\n","protected":false},"excerpt":{"rendered":"<p>Tendo em conta a situa\u00e7\u00e3o atual que atravessamos e os cuidados que todos temos de ter no \u00e2mbito da preven\u00e7\u00e3o e conten\u00e7\u00e3o do v\u00edrus COVID-19,<\/p>\n","protected":false},"author":1,"featured_media":11499,"comment_status":"closed","ping_status":"open","sticky":false,"template":"","format":"standard","meta":[],"categories":[1,7],"tags":[],"_links":{"self":[{"href":"https:\/\/freguesiadeurzelina.pt\/index.php?rest_route=\/wp\/v2\/posts\/11500"}],"collection":[{"href":"https:\/\/freguesiadeurzelina.pt\/index.php?rest_route=\/wp\/v2\/posts"}],"about":[{"href":"https:\/\/freguesiadeurzelina.pt\/index.php?rest_route=\/wp\/v2\/types\/post"}],"author":[{"embeddable":true,"href":"https:\/\/freguesiadeurzelina.pt\/index.php?rest_route=\/wp\/v2\/users\/1"}],"replies":[{"embeddable":true,"href":"https:\/\/freguesiadeurzelina.pt\/index.php?rest_route=%2Fwp%2Fv2%2Fcomments&post=11500"}],"version-history":[{"count":1,"href":"https:\/\/freguesiadeurzelina.pt\/index.php?rest_route=\/wp\/v2\/posts\/11500\/revisions"}],"predecessor-version":[{"id":11501,"href":"https:\/\/freguesiadeurzelina.pt\/index.php?rest_route=\/wp\/v2\/posts\/11500\/revisions\/11501"}],"wp:featuredmedia":[{"embeddable":true,"href":"https:\/\/freguesiadeurzelina.pt\/index.php?rest_route=\/wp\/v2\/media\/11499"}],"wp:attachment":[{"href":"https:\/\/freguesiadeurzelina.pt\/index.php?rest_route=%2Fwp%2Fv2%2Fmedia&parent=11500"}],"wp:term":[{"taxonomy":"category","embeddable":true,"href":"https:\/\/freguesiadeurzelina.pt\/index.php?rest_route=%2Fwp%2Fv2%2Fcategories&post=11500"},{"taxonomy":"post_tag","embeddable":true,"href":"https:\/\/freguesiadeurzelina.pt\/index.php?rest_route=%2Fwp%2Fv2%2Ftags&post=11500"}],"curies":[{"name":"wp","href":"https:\/\/api.w.org\/{rel}","templated":true}]}}